{"id":837,"date":"2019-05-29T14:37:46","date_gmt":"2019-05-29T14:37:46","guid":{"rendered":"http:\/\/cajasai.com\/soporte\/?p=837"},"modified":"2022-05-06T16:40:39","modified_gmt":"2022-05-06T16:40:39","slug":"cajasai-culmina-exitoso-ciclo-de-capacitacion-de-barberia-y-peluqueria-con-enfasis-en-emprendimiento","status":"publish","type":"post","link":"https:\/\/cajasai.com\/soporte\/?p=837","title":{"rendered":"CAJASAI CULMINA EXITOSO CICLO DE CAPACITACI\u00d3N DE BARBER\u00cdA Y PELUQUER\u00cdA CON \u00c9NFASIS EN EMPRENDIMIENTO"},"content":{"rendered":"<p align=\"JUSTIFY\"><img loading=\"lazy\" decoding=\"async\" class=\"aligncenter size-large wp-image-830\" src=\"http:\/\/cajasai.com\/soporte\/wp-content\/uploads\/2019\/05\/CAJASAI-CULMINA-EXITOSO-CICLO-DE-CAPACITACI\u00d3N-DE-BARBER\u00cdA-Y-PELUQUER\u00cdA-CON-\u00c9NFASIS-EN-EMPRENDIMIENTO-5-1024x418.jpg\" alt=\"\" width=\"1024\" height=\"418\" srcset=\"https:\/\/cajasai.com\/soporte\/wp-content\/uploads\/2019\/05\/CAJASAI-CULMINA-EXITOSO-CICLO-DE-CAPACITACI\u00d3N-DE-BARBER\u00cdA-Y-PELUQUER\u00cdA-CON-\u00c9NFASIS-EN-EMPRENDIMIENTO-5-1024x418.jpg 1024w, https:\/\/cajasai.com\/soporte\/wp-content\/uploads\/2019\/05\/CAJASAI-CULMINA-EXITOSO-CICLO-DE-CAPACITACI\u00d3N-DE-BARBER\u00cdA-Y-PELUQUER\u00cdA-CON-\u00c9NFASIS-EN-EMPRENDIMIENTO-5-300x123.jpg 300w, https:\/\/cajasai.com\/soporte\/wp-content\/uploads\/2019\/05\/CAJASAI-CULMINA-EXITOSO-CICLO-DE-CAPACITACI\u00d3N-DE-BARBER\u00cdA-Y-PELUQUER\u00cdA-CON-\u00c9NFASIS-EN-EMPRENDIMIENTO-5-768x314.jpg 768w, https:\/\/cajasai.com\/soporte\/wp-content\/uploads\/2019\/05\/CAJASAI-CULMINA-EXITOSO-CICLO-DE-CAPACITACI\u00d3N-DE-BARBER\u00cdA-Y-PELUQUER\u00cdA-CON-\u00c9NFASIS-EN-EMPRENDIMIENTO-5.jpg 1498w\" sizes=\"auto, (max-width: 1024px) 100vw, 1024px\" \/><\/p>\n<p align=\"JUSTIFY\"><span style=\"font-family: Times New Roman, serif;\"><span style=\"font-size: medium;\"><span style=\"color: #222222;\"><span style=\"font-family: Tahoma, serif;\">La Agencia de Gesti\u00f3n y Colocaci\u00f3n de Empleo de CAJASAI, en su misi\u00f3n de ofrecer capacitaci\u00f3n a personas desempleadas y empleadas, culmin\u00f3 satisfactoriamente la CAPACITACI\u00d3N BARBER\u00cdA Y PELUQUER\u00cdA CON \u00c9NFASIS EN EMPRENDIMIENTO, el cual se ofert\u00f3 de manera gratuita <\/span><\/span><span style=\"color: #000000;\"><span style=\"font-family: Tahoma, serif;\">del 6 al 17 de mayo de 2019, beneficiando a 75 personas con este ciclo de formaci\u00f3n.<\/span><\/span><\/span><\/span><\/p>\n<p align=\"JUSTIFY\"><img loading=\"lazy\" decoding=\"async\" class=\"aligncenter size-large wp-image-829\" src=\"http:\/\/cajasai.com\/soporte\/wp-content\/uploads\/2019\/05\/CAJASAI-CULMINA-EXITOSO-CICLO-DE-CAPACITACI\u00d3N-DE-BARBER\u00cdA-Y-PELUQUER\u00cdA-CON-\u00c9NFASIS-EN-EMPRENDIMIENTO-4-1024x885.jpg\" alt=\"\" width=\"1024\" height=\"885\" srcset=\"https:\/\/cajasai.com\/soporte\/wp-content\/uploads\/2019\/05\/CAJASAI-CULMINA-EXITOSO-CICLO-DE-CAPACITACI\u00d3N-DE-BARBER\u00cdA-Y-PELUQUER\u00cdA-CON-\u00c9NFASIS-EN-EMPRENDIMIENTO-4-1024x885.jpg 1024w, https:\/\/cajasai.com\/soporte\/wp-content\/uploads\/2019\/05\/CAJASAI-CULMINA-EXITOSO-CICLO-DE-CAPACITACI\u00d3N-DE-BARBER\u00cdA-Y-PELUQUER\u00cdA-CON-\u00c9NFASIS-EN-EMPRENDIMIENTO-4-300x259.jpg 300w, https:\/\/cajasai.com\/soporte\/wp-content\/uploads\/2019\/05\/CAJASAI-CULMINA-EXITOSO-CICLO-DE-CAPACITACI\u00d3N-DE-BARBER\u00cdA-Y-PELUQUER\u00cdA-CON-\u00c9NFASIS-EN-EMPRENDIMIENTO-4-768x664.jpg 768w, https:\/\/cajasai.com\/soporte\/wp-content\/uploads\/2019\/05\/CAJASAI-CULMINA-EXITOSO-CICLO-DE-CAPACITACI\u00d3N-DE-BARBER\u00cdA-Y-PELUQUER\u00cdA-CON-\u00c9NFASIS-EN-EMPRENDIMIENTO-4.jpg 1157w\" sizes=\"auto, (max-width: 1024px) 100vw, 1024px\" \/><\/p>\n<p align=\"JUSTIFY\"><span style=\"color: #000000;\"><span style=\"font-family: Tahoma, serif;\"><span style=\"font-size: medium;\">En la actividad de clausura, los capacitadores hicieron \u00e9nfasis en la importancia de formalizarse laboral y empresarialmente, resaltando adem\u00e1s la labor de CAJASAI por generar estos espacios de aprendizaje y formalizaci\u00f3n para hombres y mujeres que incursionan en el sector barberil y est\u00e9tico para proyectarse como empresarios. As\u00ed mismo, CAJASAI premi\u00f3 el desempe\u00f1o, disciplina y dedicaci\u00f3n de tres estudiantes con pasajes a\u00e9reos para representar al archipi\u00e9lago en los siguientes eventos: 3er Congreso Internacional de la Industria Barbera en la ciudad de Cartagena los d\u00edas 24 y 25 de junio de la presente vigencia y en el Expobarber Shop Colombia 2019 en la ciudad de Medell\u00edn los d\u00edas 1 y 2 de septiembre de 2019.<\/span><\/span><\/span><\/p>\n<p align=\"JUSTIFY\"><img loading=\"lazy\" decoding=\"async\" class=\"aligncenter size-large wp-image-826\" src=\"http:\/\/cajasai.com\/soporte\/wp-content\/uploads\/2019\/05\/CAJASAI-CULMINA-EXITOSO-CICLO-DE-CAPACITACI\u00d3N-DE-BARBER\u00cdA-Y-PELUQUER\u00cdA-CON-\u00c9NFASIS-EN-EMPRENDIMIENTO-1-1024x736.jpg\" alt=\"\" width=\"1024\" height=\"736\" srcset=\"https:\/\/cajasai.com\/soporte\/wp-content\/uploads\/2019\/05\/CAJASAI-CULMINA-EXITOSO-CICLO-DE-CAPACITACI\u00d3N-DE-BARBER\u00cdA-Y-PELUQUER\u00cdA-CON-\u00c9NFASIS-EN-EMPRENDIMIENTO-1-1024x736.jpg 1024w, https:\/\/cajasai.com\/soporte\/wp-content\/uploads\/2019\/05\/CAJASAI-CULMINA-EXITOSO-CICLO-DE-CAPACITACI\u00d3N-DE-BARBER\u00cdA-Y-PELUQUER\u00cdA-CON-\u00c9NFASIS-EN-EMPRENDIMIENTO-1-300x216.jpg 300w, https:\/\/cajasai.com\/soporte\/wp-content\/uploads\/2019\/05\/CAJASAI-CULMINA-EXITOSO-CICLO-DE-CAPACITACI\u00d3N-DE-BARBER\u00cdA-Y-PELUQUER\u00cdA-CON-\u00c9NFASIS-EN-EMPRENDIMIENTO-1-768x552.jpg 768w, https:\/\/cajasai.com\/soporte\/wp-content\/uploads\/2019\/05\/CAJASAI-CULMINA-EXITOSO-CICLO-DE-CAPACITACI\u00d3N-DE-BARBER\u00cdA-Y-PELUQUER\u00cdA-CON-\u00c9NFASIS-EN-EMPRENDIMIENTO-1.jpg 1289w\" sizes=\"auto, (max-width: 1024px) 100vw, 1024px\" \/><\/p>\n<p align=\"JUSTIFY\"><a name=\"m_-6990363935001331474__GoBack\"><\/a><span style=\"color: #000000;\"><span style=\"font-family: Tahoma, serif;\"><span style=\"font-size: medium;\">Gracias a la formaci\u00f3n integral que se prest\u00f3 sobre emprendimiento empresarial, manejo de herramientas, freestyle, realismo, nuevas tendencias en barber\u00eda y estilismo, ahora los estudiantes pueden garantizar la prestaci\u00f3n de servicios est\u00e9ticos de calidad al momento de emprender con sus proyectos de negocio.<\/span><\/span><\/span><\/p>\n<p align=\"JUSTIFY\"><img loading=\"lazy\" decoding=\"async\" class=\"aligncenter size-large wp-image-828\" src=\"http:\/\/cajasai.com\/soporte\/wp-content\/uploads\/2019\/05\/CAJASAI-CULMINA-EXITOSO-CICLO-DE-CAPACITACI\u00d3N-DE-BARBER\u00cdA-Y-PELUQUER\u00cdA-CON-\u00c9NFASIS-EN-EMPRENDIMIENTO-3-1024x852.jpg\" alt=\"\" width=\"1024\" height=\"852\" srcset=\"https:\/\/cajasai.com\/soporte\/wp-content\/uploads\/2019\/05\/CAJASAI-CULMINA-EXITOSO-CICLO-DE-CAPACITACI\u00d3N-DE-BARBER\u00cdA-Y-PELUQUER\u00cdA-CON-\u00c9NFASIS-EN-EMPRENDIMIENTO-3-1024x852.jpg 1024w, https:\/\/cajasai.com\/soporte\/wp-content\/uploads\/2019\/05\/CAJASAI-CULMINA-EXITOSO-CICLO-DE-CAPACITACI\u00d3N-DE-BARBER\u00cdA-Y-PELUQUER\u00cdA-CON-\u00c9NFASIS-EN-EMPRENDIMIENTO-3-300x250.jpg 300w, https:\/\/cajasai.com\/soporte\/wp-content\/uploads\/2019\/05\/CAJASAI-CULMINA-EXITOSO-CICLO-DE-CAPACITACI\u00d3N-DE-BARBER\u00cdA-Y-PELUQUER\u00cdA-CON-\u00c9NFASIS-EN-EMPRENDIMIENTO-3-768x639.jpg 768w, https:\/\/cajasai.com\/soporte\/wp-content\/uploads\/2019\/05\/CAJASAI-CULMINA-EXITOSO-CICLO-DE-CAPACITACI\u00d3N-DE-BARBER\u00cdA-Y-PELUQUER\u00cdA-CON-\u00c9NFASIS-EN-EMPRENDIMIENTO-3.jpg 1194w\" sizes=\"auto, (max-width: 1024px) 100vw, 1024px\" \/><\/p>\n<p align=\"JUSTIFY\"><span style=\"color: #000000;\"><span style=\"font-family: Tahoma, serif;\"><span style=\"font-size: medium;\">CAJASAI y su Agencia de Gesti\u00f3n y Colocaci\u00f3n de Empleo, mediante la capacitaci\u00f3n continua que enmarca la ruta de empleabilidad del Mecanismo de Protecci\u00f3n al Cesante, cumple su objetivo de acercar el talento humano a procesos de formaci\u00f3n, aumentando las oportunidades de inserci\u00f3n en el mercado y el mejoramiento de su calidad de vida mediante el fortalecimiento de sus competencias. <\/span><\/span><\/span><\/p>\n<p align=\"CENTER\"><span style=\"color: #000000;\"><span style=\"font-family: Tahoma, serif;\"><span style=\"font-size: medium;\">\u00a1T\u00da Y TU FAMILIA SON CAJASAI!<\/span><\/span><\/span><\/p>\n","protected":false},"excerpt":{"rendered":"<p>La Agencia de Gesti\u00f3n y Colocaci\u00f3n de Empleo de CAJASAI, en su misi\u00f3n de ofrecer capacitaci\u00f3n a personas desempleadas y empleadas, culmin\u00f3 satisfactoriamente la CAPACITACI\u00d3N BARBER\u00cdA Y PELUQUER\u00cdA CON \u00c9NFASIS EN EMPRENDIMIENTO, el cual&#46;&#46;&#46;<\/p>\n","protected":false},"author":1,"featured_media":829,"comment_status":"closed","ping_status":"closed","sticky":false,"template":"","format":"standard","meta":{"_joinchat":[],"footnotes":""},"categories":[1],"tags":[],"class_list":["post-837","post","type-post","status-publish","format-standard","has-post-thumbnail","hentry","category-noticias"],"_links":{"self":[{"href":"https:\/\/cajasai.com\/soporte\/index.php?rest_route=\/wp\/v2\/posts\/837","targetHints":{"allow":["GET"]}}],"collection":[{"href":"https:\/\/cajasai.com\/soporte\/index.php?rest_route=\/wp\/v2\/posts"}],"about":[{"href":"https:\/\/cajasai.com\/soporte\/index.php?rest_route=\/wp\/v2\/types\/post"}],"author":[{"embeddable":true,"href":"https:\/\/cajasai.com\/soporte\/index.php?rest_route=\/wp\/v2\/users\/1"}],"replies":[{"embeddable":true,"href":"https:\/\/cajasai.com\/soporte\/index.php?rest_route=%2Fwp%2Fv2%2Fcomments&post=837"}],"version-history":[{"count":2,"href":"https:\/\/cajasai.com\/soporte\/index.php?rest_route=\/wp\/v2\/posts\/837\/revisions"}],"predecessor-version":[{"id":839,"href":"https:\/\/cajasai.com\/soporte\/index.php?rest_route=\/wp\/v2\/posts\/837\/revisions\/839"}],"wp:featuredmedia":[{"embeddable":true,"href":"https:\/\/cajasai.com\/soporte\/index.php?rest_route=\/wp\/v2\/media\/829"}],"wp:attachment":[{"href":"https:\/\/cajasai.com\/soporte\/index.php?rest_route=%2Fwp%2Fv2%2Fmedia&parent=837"}],"wp:term":[{"taxonomy":"category","embeddable":true,"href":"https:\/\/cajasai.com\/soporte\/index.php?rest_route=%2Fwp%2Fv2%2Fcategories&post=837"},{"taxonomy":"post_tag","embeddable":true,"href":"https:\/\/cajasai.com\/soporte\/index.php?rest_route=%2Fwp%2Fv2%2Ftags&post=837"}],"curies":[{"name":"wp","href":"https:\/\/api.w.org\/{rel}","templated":true}]}}